{"id":1334,"date":"2018-05-14T20:14:41","date_gmt":"2018-05-14T20:14:41","guid":{"rendered":"http:\/\/cartonsa.com\/es\/?p=1334"},"modified":"2018-05-15T04:54:06","modified_gmt":"2018-05-15T04:54:06","slug":"nuevas-tendencias-en-diseno-y-produccion-de-empaques-profesionales","status":"publish","type":"post","link":"https:\/\/cartonsa.com\/es\/nuevas-tendencias-en-diseno-y-produccion-de-empaques-profesionales\/","title":{"rendered":"Nuevas tendencias en dise\u00f1o y producci\u00f3n de Empaques profesionales"},"content":{"rendered":"<p>En el estudio estamos muy atentos a las tendencias de nuestro sector, por eso, hemos pensado que ser\u00eda buena idea compartirlas con vosotros. Os dejamos con nuestro top 5 en tendencias de packaging.<\/p>\n<p><strong>1. El packaging Do it Yourself<\/strong><br \/>\nEn los \u00faltimos a\u00f1os, y con el crecimiento de Internet, se han desarrollado herramientas online muy \u00fatiles (v\u00e9ase la APP Makr o SelfPackaging) que han acercado el dise\u00f1o y el packaging al usuario, proporcion\u00e1ndole soluciones personalizadas, \u00e1giles y econ\u00f3micas. En este sentido, no hace falta tener una gran empresa con un gran presupuesto, para poder tener una identidad visual s\u00f3lida y competitiva.<\/p>\n<p><img fetchpriority=\"high\" decoding=\"async\" class=\"aligncenter wp-image-1342 size-full\" src=\"http:\/\/cartonsa.com\/es\/wp-content\/uploads\/2018\/05\/carton-sa-nuevas-tendencias-en-diseno-y-produccion-de-empaques-profesionales-3.jpg\" alt=\"Nuevas tendencias en dise\u00f1o y producci\u00f3n de Empaques profesionales | Blog de Cart\u00f3n S.A.\" width=\"1100\" height=\"350\" srcset=\"https:\/\/cartonsa.com\/es\/wp-content\/uploads\/2018\/05\/carton-sa-nuevas-tendencias-en-diseno-y-produccion-de-empaques-profesionales-3.jpg 1100w, https:\/\/cartonsa.com\/es\/wp-content\/uploads\/2018\/05\/carton-sa-nuevas-tendencias-en-diseno-y-produccion-de-empaques-profesionales-3-300x95.jpg 300w, https:\/\/cartonsa.com\/es\/wp-content\/uploads\/2018\/05\/carton-sa-nuevas-tendencias-en-diseno-y-produccion-de-empaques-profesionales-3-768x244.jpg 768w, https:\/\/cartonsa.com\/es\/wp-content\/uploads\/2018\/05\/carton-sa-nuevas-tendencias-en-diseno-y-produccion-de-empaques-profesionales-3-1024x326.jpg 1024w, https:\/\/cartonsa.com\/es\/wp-content\/uploads\/2018\/05\/carton-sa-nuevas-tendencias-en-diseno-y-produccion-de-empaques-profesionales-3-700x223.jpg 700w, https:\/\/cartonsa.com\/es\/wp-content\/uploads\/2018\/05\/carton-sa-nuevas-tendencias-en-diseno-y-produccion-de-empaques-profesionales-3-520x165.jpg 520w, https:\/\/cartonsa.com\/es\/wp-content\/uploads\/2018\/05\/carton-sa-nuevas-tendencias-en-diseno-y-produccion-de-empaques-profesionales-3-360x115.jpg 360w, https:\/\/cartonsa.com\/es\/wp-content\/uploads\/2018\/05\/carton-sa-nuevas-tendencias-en-diseno-y-produccion-de-empaques-profesionales-3-250x80.jpg 250w, https:\/\/cartonsa.com\/es\/wp-content\/uploads\/2018\/05\/carton-sa-nuevas-tendencias-en-diseno-y-produccion-de-empaques-profesionales-3-100x32.jpg 100w\" sizes=\"(max-width: 1100px) 100vw, 1100px\" \/><\/p>\n<p><strong>2. La optimizaci\u00f3n como recurso<\/strong><br \/>\nEs evidente que todas las empresas buscan un dise\u00f1o eficiente y que aporte valor a la marca y, en consecuencia, a las ventas, pero un dise\u00f1o tambi\u00e9n puede actuar como herramienta a la hora de reducir costes. Una buena opci\u00f3n es la estandarizaci\u00f3n y unificaci\u00f3n de distintos formatos y materiales, generando as\u00ed un conjunto s\u00f3lido, coherente y econ\u00f3mico. En consecuencia, la optimizaci\u00f3n en el packaging de la marca es una inversi\u00f3n con resultados econ\u00f3micos inmediatos.<\/p>\n<p><img decoding=\"async\" class=\"aligncenter wp-image-1343 size-full\" src=\"http:\/\/cartonsa.com\/es\/wp-content\/uploads\/2018\/05\/carton-sa-nuevas-tendencias-en-diseno-y-produccion-de-empaques-profesionales-4.jpg\" alt=\"Nuevas tendencias en dise\u00f1o y producci\u00f3n de Empaques profesionales | Blog de Cart\u00f3n S.A.\" width=\"1100\" height=\"350\" srcset=\"https:\/\/cartonsa.com\/es\/wp-content\/uploads\/2018\/05\/carton-sa-nuevas-tendencias-en-diseno-y-produccion-de-empaques-profesionales-4.jpg 1100w, https:\/\/cartonsa.com\/es\/wp-content\/uploads\/2018\/05\/carton-sa-nuevas-tendencias-en-diseno-y-produccion-de-empaques-profesionales-4-300x95.jpg 300w, https:\/\/cartonsa.com\/es\/wp-content\/uploads\/2018\/05\/carton-sa-nuevas-tendencias-en-diseno-y-produccion-de-empaques-profesionales-4-768x244.jpg 768w, https:\/\/cartonsa.com\/es\/wp-content\/uploads\/2018\/05\/carton-sa-nuevas-tendencias-en-diseno-y-produccion-de-empaques-profesionales-4-1024x326.jpg 1024w, https:\/\/cartonsa.com\/es\/wp-content\/uploads\/2018\/05\/carton-sa-nuevas-tendencias-en-diseno-y-produccion-de-empaques-profesionales-4-700x223.jpg 700w, https:\/\/cartonsa.com\/es\/wp-content\/uploads\/2018\/05\/carton-sa-nuevas-tendencias-en-diseno-y-produccion-de-empaques-profesionales-4-520x165.jpg 520w, https:\/\/cartonsa.com\/es\/wp-content\/uploads\/2018\/05\/carton-sa-nuevas-tendencias-en-diseno-y-produccion-de-empaques-profesionales-4-360x115.jpg 360w, https:\/\/cartonsa.com\/es\/wp-content\/uploads\/2018\/05\/carton-sa-nuevas-tendencias-en-diseno-y-produccion-de-empaques-profesionales-4-250x80.jpg 250w, https:\/\/cartonsa.com\/es\/wp-content\/uploads\/2018\/05\/carton-sa-nuevas-tendencias-en-diseno-y-produccion-de-empaques-profesionales-4-100x32.jpg 100w\" sizes=\"(max-width: 1100px) 100vw, 1100px\" \/><\/p>\n<p><strong>3. El lujo de la personalizaci\u00f3n y diferenciaci\u00f3n<\/strong><br \/>\nQue las marcas buscan, por todas las v\u00edas posibles, la confianza y fidelidad de sus consumidores, no es un secreto. Sin embargo, el sector lujo ha ido un paso m\u00e1s all\u00e1 y ha sabido diferenciarse del resto aportando un valor a\u00f1adido a su p\u00fablico objetivo; la personalizaci\u00f3n extrema. En este sentido, las marcas solventan las distintas necesidades de los consumidores mediante el dise\u00f1o de productos \u00fanicos y exclusivos para cada cliente.<\/p>\n<p><img decoding=\"async\" class=\"aligncenter wp-image-1340 size-full\" src=\"http:\/\/cartonsa.com\/es\/wp-content\/uploads\/2018\/05\/carton-sa-nuevas-tendencias-en-diseno-y-produccion-de-empaques-profesionales-1.jpg\" alt=\"Nuevas tendencias en dise\u00f1o y producci\u00f3n de Empaques profesionales | Blog de Cart\u00f3n S.A.\" width=\"1100\" height=\"350\" srcset=\"https:\/\/cartonsa.com\/es\/wp-content\/uploads\/2018\/05\/carton-sa-nuevas-tendencias-en-diseno-y-produccion-de-empaques-profesionales-1.jpg 1100w, https:\/\/cartonsa.com\/es\/wp-content\/uploads\/2018\/05\/carton-sa-nuevas-tendencias-en-diseno-y-produccion-de-empaques-profesionales-1-300x95.jpg 300w, https:\/\/cartonsa.com\/es\/wp-content\/uploads\/2018\/05\/carton-sa-nuevas-tendencias-en-diseno-y-produccion-de-empaques-profesionales-1-768x244.jpg 768w, https:\/\/cartonsa.com\/es\/wp-content\/uploads\/2018\/05\/carton-sa-nuevas-tendencias-en-diseno-y-produccion-de-empaques-profesionales-1-1024x326.jpg 1024w, https:\/\/cartonsa.com\/es\/wp-content\/uploads\/2018\/05\/carton-sa-nuevas-tendencias-en-diseno-y-produccion-de-empaques-profesionales-1-700x223.jpg 700w, https:\/\/cartonsa.com\/es\/wp-content\/uploads\/2018\/05\/carton-sa-nuevas-tendencias-en-diseno-y-produccion-de-empaques-profesionales-1-520x165.jpg 520w, https:\/\/cartonsa.com\/es\/wp-content\/uploads\/2018\/05\/carton-sa-nuevas-tendencias-en-diseno-y-produccion-de-empaques-profesionales-1-360x115.jpg 360w, https:\/\/cartonsa.com\/es\/wp-content\/uploads\/2018\/05\/carton-sa-nuevas-tendencias-en-diseno-y-produccion-de-empaques-profesionales-1-250x80.jpg 250w, https:\/\/cartonsa.com\/es\/wp-content\/uploads\/2018\/05\/carton-sa-nuevas-tendencias-en-diseno-y-produccion-de-empaques-profesionales-1-100x32.jpg 100w\" sizes=\"(max-width: 1100px) 100vw, 1100px\" \/><\/p>\n<p><strong>4. El packaging como nuevo veh\u00edculo de comunicaci\u00f3n<\/strong><br \/>\nLos prescriptores siempre han sido parte del p\u00fablico objetivo de las marcas, y con la aparici\u00f3n de internet \u2013y con ello, la llegada de la era blogger- este ejercicio se ha intensificado a\u00fan m\u00e1s. Una de las soluciones m\u00e1s efectivas para las marcas es el dise\u00f1o de packs publicitarios destinados a este p\u00fablico. De esta forma, el packaging no solo define la identidad de la marca, tambi\u00e9n act\u00faa como veh\u00edculo de comunicaci\u00f3n; es contenido y continente.<\/p>\n<p><img loading=\"lazy\" decoding=\"async\" class=\"aligncenter wp-image-1341 size-full\" src=\"http:\/\/cartonsa.com\/es\/wp-content\/uploads\/2018\/05\/carton-sa-nuevas-tendencias-en-diseno-y-produccion-de-empaques-profesionales-2.jpg\" alt=\"Nuevas tendencias en dise\u00f1o y producci\u00f3n de Empaques profesionales | Blog de Cart\u00f3n S.A.\" width=\"1100\" height=\"350\" srcset=\"https:\/\/cartonsa.com\/es\/wp-content\/uploads\/2018\/05\/carton-sa-nuevas-tendencias-en-diseno-y-produccion-de-empaques-profesionales-2.jpg 1100w, https:\/\/cartonsa.com\/es\/wp-content\/uploads\/2018\/05\/carton-sa-nuevas-tendencias-en-diseno-y-produccion-de-empaques-profesionales-2-300x95.jpg 300w, https:\/\/cartonsa.com\/es\/wp-content\/uploads\/2018\/05\/carton-sa-nuevas-tendencias-en-diseno-y-produccion-de-empaques-profesionales-2-768x244.jpg 768w, https:\/\/cartonsa.com\/es\/wp-content\/uploads\/2018\/05\/carton-sa-nuevas-tendencias-en-diseno-y-produccion-de-empaques-profesionales-2-1024x326.jpg 1024w, https:\/\/cartonsa.com\/es\/wp-content\/uploads\/2018\/05\/carton-sa-nuevas-tendencias-en-diseno-y-produccion-de-empaques-profesionales-2-700x223.jpg 700w, https:\/\/cartonsa.com\/es\/wp-content\/uploads\/2018\/05\/carton-sa-nuevas-tendencias-en-diseno-y-produccion-de-empaques-profesionales-2-520x165.jpg 520w, https:\/\/cartonsa.com\/es\/wp-content\/uploads\/2018\/05\/carton-sa-nuevas-tendencias-en-diseno-y-produccion-de-empaques-profesionales-2-360x115.jpg 360w, https:\/\/cartonsa.com\/es\/wp-content\/uploads\/2018\/05\/carton-sa-nuevas-tendencias-en-diseno-y-produccion-de-empaques-profesionales-2-250x80.jpg 250w, https:\/\/cartonsa.com\/es\/wp-content\/uploads\/2018\/05\/carton-sa-nuevas-tendencias-en-diseno-y-produccion-de-empaques-profesionales-2-100x32.jpg 100w\" sizes=\"(max-width: 1100px) 100vw, 1100px\" \/><\/p>\n<p><strong>5. El dise\u00f1o adaptado al online \u2013 ePackaging<\/strong><br \/>\nLa presencia en Internet conlleva trabajar sobre una superficie virtual en la que la visibilidad y la identificaci\u00f3n del producto ha de ser primordial y \u00e1gil. Por ello, las marcas se han de adaptar y buscar dise\u00f1os m\u00e1s claros y f\u00e1cilmente identificables sobre soportes online y medios digitales. Se trata de integrar un dise\u00f1o que funcione gr\u00e1ficamente en pantalla y permita la identificaci\u00f3n correcta del producto.<\/p>\n<p><strong>Fuente:\u00a0<a href=\"http:\/\/structuralpackagingblog.com\/tendencias-en-packaging\/\" target=\"_blank\" rel=\"noopener\">Structural Packaging Blog<\/a><\/strong><\/p>\n","protected":false},"excerpt":{"rendered":"<p>En el estudio estamos muy atentos a las tendencias de nuestro sector, por eso, hemos pensado que ser\u00eda buena idea compartirlas con vosotros. Os dejamos con nuestro top 5 en tendencias de packaging. 1. El packaging Do it Yourself En los \u00faltimos a\u00f1os, y con el crecimiento de Internet, se han desarrollado herramientas online muy [&hellip;]<\/p>\n","protected":false},"author":1,"featured_media":1336,"comment_status":"open","ping_status":"open","sticky":false,"template":"","format":"standard","meta":{"_joinchat":[],"footnotes":""},"categories":[6],"tags":[],"class_list":["post-1334","post","type-post","status-publish","format-standard","has-post-thumbnail","hentry","category-empaques"],"yoast_head":"<!-- This site is optimized with the Yoast SEO plugin v27.5 - https:\/\/yoast.com\/product\/yoast-seo-wordpress\/ -->\n<title>Nuevas tendencias en dise\u00f1o y producci\u00f3n de Empaques profesionales | Blog de Cart\u00f3n S.A.<\/title>\n<meta name=\"description\" content=\"En el estudio estamos muy atentos a las tendencias de nuestro sector, por eso, hemos pensado que ser\u00eda buena idea compartirlas con vosotros. Os dejamos con nuestro top 5 en tendencias de packaging.\" \/>\n<meta name=\"robots\" content=\"index, follow, max-snippet:-1, max-image-preview:large, max-video-preview:-1\" \/>\n<link rel=\"canonical\" href=\"https:\/\/cartonsa.com\/es\/nuevas-tendencias-en-diseno-y-produccion-de-empaques-profesionales\/\" \/>\n<meta property=\"og:locale\" content=\"es_ES\" \/>\n<meta property=\"og:type\" content=\"article\" \/>\n<meta property=\"og:title\" content=\"Nuevas tendencias en dise\u00f1o y producci\u00f3n de Empaques profesionales | Blog de Cart\u00f3n S.A.\" \/>\n<meta property=\"og:description\" content=\"En el estudio estamos muy atentos a las tendencias de nuestro sector, por eso, hemos pensado que ser\u00eda buena idea compartirlas con vosotros. Os dejamos con nuestro top 5 en tendencias de packaging.\" \/>\n<meta property=\"og:url\" content=\"https:\/\/cartonsa.com\/es\/nuevas-tendencias-en-diseno-y-produccion-de-empaques-profesionales\/\" \/>\n<meta property=\"og:site_name\" content=\"Cajas de Carton Colombia\" \/>\n<meta property=\"article:published_time\" content=\"2018-05-14T20:14:41+00:00\" \/>\n<meta property=\"article:modified_time\" content=\"2018-05-15T04:54:06+00:00\" \/>\n<meta property=\"og:image\" content=\"https:\/\/cartonsa.com\/es\/wp-content\/uploads\/2018\/05\/carton-sa-nuevas-tendencias-en-diseno-y-produccion-de-empaques-profesionales.jpg\" \/>\n\t<meta property=\"og:image:width\" content=\"520\" \/>\n\t<meta property=\"og:image:height\" content=\"350\" \/>\n\t<meta property=\"og:image:type\" content=\"image\/jpeg\" \/>\n<meta name=\"author\" content=\"cartonsa_web_wp\" \/>\n<meta name=\"twitter:card\" content=\"summary_large_image\" \/>\n<meta name=\"twitter:title\" content=\"Nuevas tendencias en dise\u00f1o y producci\u00f3n de Empaques profesionales | Blog de Cart\u00f3n S.A.\" \/>\n<meta name=\"twitter:description\" content=\"En el estudio estamos muy atentos a las tendencias de nuestro sector, por eso, hemos pensado que ser\u00eda buena idea compartirlas con vosotros. Os dejamos con nuestro top 5 en tendencias de packaging.\" \/>\n<meta name=\"twitter:image\" content=\"http:\/\/cartonsa.com\/es\/wp-content\/uploads\/2018\/05\/carton-sa-nuevas-tendencias-en-diseno-y-produccion-de-empaques-profesionales.jpg\" \/>\n<meta name=\"twitter:label1\" content=\"Escrito por\" \/>\n\t<meta name=\"twitter:data1\" content=\"cartonsa_web_wp\" \/>\n\t<meta name=\"twitter:label2\" content=\"Tiempo de lectura\" \/>\n\t<meta name=\"twitter:data2\" content=\"2 minutos\" \/>\n<script type=\"application\/ld+json\" class=\"yoast-schema-graph\">{\"@context\":\"https:\\\/\\\/schema.org\",\"@graph\":[{\"@type\":\"Article\",\"@id\":\"https:\\\/\\\/cartonsa.com\\\/es\\\/nuevas-tendencias-en-diseno-y-produccion-de-empaques-profesionales\\\/#article\",\"isPartOf\":{\"@id\":\"https:\\\/\\\/cartonsa.com\\\/es\\\/nuevas-tendencias-en-diseno-y-produccion-de-empaques-profesionales\\\/\"},\"author\":{\"name\":\"cartonsa_web_wp\",\"@id\":\"https:\\\/\\\/cartonsa.com\\\/es\\\/#\\\/schema\\\/person\\\/b102e8f660c3ac0c9101d0cf5687b933\"},\"headline\":\"Nuevas tendencias en dise\u00f1o y producci\u00f3n de Empaques profesionales\",\"datePublished\":\"2018-05-14T20:14:41+00:00\",\"dateModified\":\"2018-05-15T04:54:06+00:00\",\"mainEntityOfPage\":{\"@id\":\"https:\\\/\\\/cartonsa.com\\\/es\\\/nuevas-tendencias-en-diseno-y-produccion-de-empaques-profesionales\\\/\"},\"wordCount\":474,\"commentCount\":0,\"image\":{\"@id\":\"https:\\\/\\\/cartonsa.com\\\/es\\\/nuevas-tendencias-en-diseno-y-produccion-de-empaques-profesionales\\\/#primaryimage\"},\"thumbnailUrl\":\"https:\\\/\\\/cartonsa.com\\\/es\\\/wp-content\\\/uploads\\\/2018\\\/05\\\/carton-sa-nuevas-tendencias-en-diseno-y-produccion-de-empaques-profesionales.jpg\",\"articleSection\":[\"Empaques\"],\"inLanguage\":\"es\",\"potentialAction\":[{\"@type\":\"CommentAction\",\"name\":\"Comment\",\"target\":[\"https:\\\/\\\/cartonsa.com\\\/es\\\/nuevas-tendencias-en-diseno-y-produccion-de-empaques-profesionales\\\/#respond\"]}]},{\"@type\":\"WebPage\",\"@id\":\"https:\\\/\\\/cartonsa.com\\\/es\\\/nuevas-tendencias-en-diseno-y-produccion-de-empaques-profesionales\\\/\",\"url\":\"https:\\\/\\\/cartonsa.com\\\/es\\\/nuevas-tendencias-en-diseno-y-produccion-de-empaques-profesionales\\\/\",\"name\":\"Nuevas tendencias en dise\u00f1o y producci\u00f3n de Empaques profesionales | Blog de Cart\u00f3n S.A.\",\"isPartOf\":{\"@id\":\"https:\\\/\\\/cartonsa.com\\\/es\\\/#website\"},\"primaryImageOfPage\":{\"@id\":\"https:\\\/\\\/cartonsa.com\\\/es\\\/nuevas-tendencias-en-diseno-y-produccion-de-empaques-profesionales\\\/#primaryimage\"},\"image\":{\"@id\":\"https:\\\/\\\/cartonsa.com\\\/es\\\/nuevas-tendencias-en-diseno-y-produccion-de-empaques-profesionales\\\/#primaryimage\"},\"thumbnailUrl\":\"https:\\\/\\\/cartonsa.com\\\/es\\\/wp-content\\\/uploads\\\/2018\\\/05\\\/carton-sa-nuevas-tendencias-en-diseno-y-produccion-de-empaques-profesionales.jpg\",\"datePublished\":\"2018-05-14T20:14:41+00:00\",\"dateModified\":\"2018-05-15T04:54:06+00:00\",\"author\":{\"@id\":\"https:\\\/\\\/cartonsa.com\\\/es\\\/#\\\/schema\\\/person\\\/b102e8f660c3ac0c9101d0cf5687b933\"},\"description\":\"En el estudio estamos muy atentos a las tendencias de nuestro sector, por eso, hemos pensado que ser\u00eda buena idea compartirlas con vosotros. Os dejamos con nuestro top 5 en tendencias de packaging.\",\"breadcrumb\":{\"@id\":\"https:\\\/\\\/cartonsa.com\\\/es\\\/nuevas-tendencias-en-diseno-y-produccion-de-empaques-profesionales\\\/#breadcrumb\"},\"inLanguage\":\"es\",\"potentialAction\":[{\"@type\":\"ReadAction\",\"target\":[\"https:\\\/\\\/cartonsa.com\\\/es\\\/nuevas-tendencias-en-diseno-y-produccion-de-empaques-profesionales\\\/\"]}]},{\"@type\":\"ImageObject\",\"inLanguage\":\"es\",\"@id\":\"https:\\\/\\\/cartonsa.com\\\/es\\\/nuevas-tendencias-en-diseno-y-produccion-de-empaques-profesionales\\\/#primaryimage\",\"url\":\"https:\\\/\\\/cartonsa.com\\\/es\\\/wp-content\\\/uploads\\\/2018\\\/05\\\/carton-sa-nuevas-tendencias-en-diseno-y-produccion-de-empaques-profesionales.jpg\",\"contentUrl\":\"https:\\\/\\\/cartonsa.com\\\/es\\\/wp-content\\\/uploads\\\/2018\\\/05\\\/carton-sa-nuevas-tendencias-en-diseno-y-produccion-de-empaques-profesionales.jpg\",\"width\":520,\"height\":350,\"caption\":\"Nuevas tendencias en dise\u00f1o y producci\u00f3n de Empaques profesionales | Blog de Cart\u00f3n S.A.\"},{\"@type\":\"BreadcrumbList\",\"@id\":\"https:\\\/\\\/cartonsa.com\\\/es\\\/nuevas-tendencias-en-diseno-y-produccion-de-empaques-profesionales\\\/#breadcrumb\",\"itemListElement\":[{\"@type\":\"ListItem\",\"position\":1,\"name\":\"Inicio\",\"item\":\"https:\\\/\\\/cartonsa.com\\\/es\\\/\"},{\"@type\":\"ListItem\",\"position\":2,\"name\":\"Nuevas tendencias en dise\u00f1o y producci\u00f3n de Empaques profesionales\"}]},{\"@type\":\"WebSite\",\"@id\":\"https:\\\/\\\/cartonsa.com\\\/es\\\/#website\",\"url\":\"https:\\\/\\\/cartonsa.com\\\/es\\\/\",\"name\":\"Cajas de Carton Colombia\",\"description\":\"Fabrica de Cajas de Carton en Colombia\",\"potentialAction\":[{\"@type\":\"SearchAction\",\"target\":{\"@type\":\"EntryPoint\",\"urlTemplate\":\"https:\\\/\\\/cartonsa.com\\\/es\\\/?s={search_term_string}\"},\"query-input\":{\"@type\":\"PropertyValueSpecification\",\"valueRequired\":true,\"valueName\":\"search_term_string\"}}],\"inLanguage\":\"es\"},{\"@type\":\"Person\",\"@id\":\"https:\\\/\\\/cartonsa.com\\\/es\\\/#\\\/schema\\\/person\\\/b102e8f660c3ac0c9101d0cf5687b933\",\"name\":\"cartonsa_web_wp\",\"image\":{\"@type\":\"ImageObject\",\"inLanguage\":\"es\",\"@id\":\"https:\\\/\\\/secure.gravatar.com\\\/avatar\\\/1029721d17354c72d3d758f541502829f2d174312e55dbfd91c9e549860667fd?s=96&d=mm&r=g\",\"url\":\"https:\\\/\\\/secure.gravatar.com\\\/avatar\\\/1029721d17354c72d3d758f541502829f2d174312e55dbfd91c9e549860667fd?s=96&d=mm&r=g\",\"contentUrl\":\"https:\\\/\\\/secure.gravatar.com\\\/avatar\\\/1029721d17354c72d3d758f541502829f2d174312e55dbfd91c9e549860667fd?s=96&d=mm&r=g\",\"caption\":\"cartonsa_web_wp\"},\"url\":\"https:\\\/\\\/cartonsa.com\\\/es\\\/author\\\/cartonsa_web_wp\\\/\"}]}<\/script>\n<!-- \/ Yoast SEO plugin. -->","yoast_head_json":{"title":"Nuevas tendencias en dise\u00f1o y producci\u00f3n de Empaques profesionales | Blog de Cart\u00f3n S.A.","description":"En el estudio estamos muy atentos a las tendencias de nuestro sector, por eso, hemos pensado que ser\u00eda buena idea compartirlas con vosotros. Os dejamos con nuestro top 5 en tendencias de packaging.","robots":{"index":"index","follow":"follow","max-snippet":"max-snippet:-1","max-image-preview":"max-image-preview:large","max-video-preview":"max-video-preview:-1"},"canonical":"https:\/\/cartonsa.com\/es\/nuevas-tendencias-en-diseno-y-produccion-de-empaques-profesionales\/","og_locale":"es_ES","og_type":"article","og_title":"Nuevas tendencias en dise\u00f1o y producci\u00f3n de Empaques profesionales | Blog de Cart\u00f3n S.A.","og_description":"En el estudio estamos muy atentos a las tendencias de nuestro sector, por eso, hemos pensado que ser\u00eda buena idea compartirlas con vosotros. Os dejamos con nuestro top 5 en tendencias de packaging.","og_url":"https:\/\/cartonsa.com\/es\/nuevas-tendencias-en-diseno-y-produccion-de-empaques-profesionales\/","og_site_name":"Cajas de Carton Colombia","article_published_time":"2018-05-14T20:14:41+00:00","article_modified_time":"2018-05-15T04:54:06+00:00","og_image":[{"width":520,"height":350,"url":"https:\/\/cartonsa.com\/es\/wp-content\/uploads\/2018\/05\/carton-sa-nuevas-tendencias-en-diseno-y-produccion-de-empaques-profesionales.jpg","type":"image\/jpeg"}],"author":"cartonsa_web_wp","twitter_card":"summary_large_image","twitter_title":"Nuevas tendencias en dise\u00f1o y producci\u00f3n de Empaques profesionales | Blog de Cart\u00f3n S.A.","twitter_description":"En el estudio estamos muy atentos a las tendencias de nuestro sector, por eso, hemos pensado que ser\u00eda buena idea compartirlas con vosotros. Os dejamos con nuestro top 5 en tendencias de packaging.","twitter_image":"http:\/\/cartonsa.com\/es\/wp-content\/uploads\/2018\/05\/carton-sa-nuevas-tendencias-en-diseno-y-produccion-de-empaques-profesionales.jpg","twitter_misc":{"Escrito por":"cartonsa_web_wp","Tiempo de lectura":"2 minutos"},"schema":{"@context":"https:\/\/schema.org","@graph":[{"@type":"Article","@id":"https:\/\/cartonsa.com\/es\/nuevas-tendencias-en-diseno-y-produccion-de-empaques-profesionales\/#article","isPartOf":{"@id":"https:\/\/cartonsa.com\/es\/nuevas-tendencias-en-diseno-y-produccion-de-empaques-profesionales\/"},"author":{"name":"cartonsa_web_wp","@id":"https:\/\/cartonsa.com\/es\/#\/schema\/person\/b102e8f660c3ac0c9101d0cf5687b933"},"headline":"Nuevas tendencias en dise\u00f1o y producci\u00f3n de Empaques profesionales","datePublished":"2018-05-14T20:14:41+00:00","dateModified":"2018-05-15T04:54:06+00:00","mainEntityOfPage":{"@id":"https:\/\/cartonsa.com\/es\/nuevas-tendencias-en-diseno-y-produccion-de-empaques-profesionales\/"},"wordCount":474,"commentCount":0,"image":{"@id":"https:\/\/cartonsa.com\/es\/nuevas-tendencias-en-diseno-y-produccion-de-empaques-profesionales\/#primaryimage"},"thumbnailUrl":"https:\/\/cartonsa.com\/es\/wp-content\/uploads\/2018\/05\/carton-sa-nuevas-tendencias-en-diseno-y-produccion-de-empaques-profesionales.jpg","articleSection":["Empaques"],"inLanguage":"es","potentialAction":[{"@type":"CommentAction","name":"Comment","target":["https:\/\/cartonsa.com\/es\/nuevas-tendencias-en-diseno-y-produccion-de-empaques-profesionales\/#respond"]}]},{"@type":"WebPage","@id":"https:\/\/cartonsa.com\/es\/nuevas-tendencias-en-diseno-y-produccion-de-empaques-profesionales\/","url":"https:\/\/cartonsa.com\/es\/nuevas-tendencias-en-diseno-y-produccion-de-empaques-profesionales\/","name":"Nuevas tendencias en dise\u00f1o y producci\u00f3n de Empaques profesionales | Blog de Cart\u00f3n S.A.","isPartOf":{"@id":"https:\/\/cartonsa.com\/es\/#website"},"primaryImageOfPage":{"@id":"https:\/\/cartonsa.com\/es\/nuevas-tendencias-en-diseno-y-produccion-de-empaques-profesionales\/#primaryimage"},"image":{"@id":"https:\/\/cartonsa.com\/es\/nuevas-tendencias-en-diseno-y-produccion-de-empaques-profesionales\/#primaryimage"},"thumbnailUrl":"https:\/\/cartonsa.com\/es\/wp-content\/uploads\/2018\/05\/carton-sa-nuevas-tendencias-en-diseno-y-produccion-de-empaques-profesionales.jpg","datePublished":"2018-05-14T20:14:41+00:00","dateModified":"2018-05-15T04:54:06+00:00","author":{"@id":"https:\/\/cartonsa.com\/es\/#\/schema\/person\/b102e8f660c3ac0c9101d0cf5687b933"},"description":"En el estudio estamos muy atentos a las tendencias de nuestro sector, por eso, hemos pensado que ser\u00eda buena idea compartirlas con vosotros. Os dejamos con nuestro top 5 en tendencias de packaging.","breadcrumb":{"@id":"https:\/\/cartonsa.com\/es\/nuevas-tendencias-en-diseno-y-produccion-de-empaques-profesionales\/#breadcrumb"},"inLanguage":"es","potentialAction":[{"@type":"ReadAction","target":["https:\/\/cartonsa.com\/es\/nuevas-tendencias-en-diseno-y-produccion-de-empaques-profesionales\/"]}]},{"@type":"ImageObject","inLanguage":"es","@id":"https:\/\/cartonsa.com\/es\/nuevas-tendencias-en-diseno-y-produccion-de-empaques-profesionales\/#primaryimage","url":"https:\/\/cartonsa.com\/es\/wp-content\/uploads\/2018\/05\/carton-sa-nuevas-tendencias-en-diseno-y-produccion-de-empaques-profesionales.jpg","contentUrl":"https:\/\/cartonsa.com\/es\/wp-content\/uploads\/2018\/05\/carton-sa-nuevas-tendencias-en-diseno-y-produccion-de-empaques-profesionales.jpg","width":520,"height":350,"caption":"Nuevas tendencias en dise\u00f1o y producci\u00f3n de Empaques profesionales | Blog de Cart\u00f3n S.A."},{"@type":"BreadcrumbList","@id":"https:\/\/cartonsa.com\/es\/nuevas-tendencias-en-diseno-y-produccion-de-empaques-profesionales\/#breadcrumb","itemListElement":[{"@type":"ListItem","position":1,"name":"Inicio","item":"https:\/\/cartonsa.com\/es\/"},{"@type":"ListItem","position":2,"name":"Nuevas tendencias en dise\u00f1o y producci\u00f3n de Empaques profesionales"}]},{"@type":"WebSite","@id":"https:\/\/cartonsa.com\/es\/#website","url":"https:\/\/cartonsa.com\/es\/","name":"Cajas de Carton Colombia","description":"Fabrica de Cajas de Carton en Colombia","potentialAction":[{"@type":"SearchAction","target":{"@type":"EntryPoint","urlTemplate":"https:\/\/cartonsa.com\/es\/?s={search_term_string}"},"query-input":{"@type":"PropertyValueSpecification","valueRequired":true,"valueName":"search_term_string"}}],"inLanguage":"es"},{"@type":"Person","@id":"https:\/\/cartonsa.com\/es\/#\/schema\/person\/b102e8f660c3ac0c9101d0cf5687b933","name":"cartonsa_web_wp","image":{"@type":"ImageObject","inLanguage":"es","@id":"https:\/\/secure.gravatar.com\/avatar\/1029721d17354c72d3d758f541502829f2d174312e55dbfd91c9e549860667fd?s=96&d=mm&r=g","url":"https:\/\/secure.gravatar.com\/avatar\/1029721d17354c72d3d758f541502829f2d174312e55dbfd91c9e549860667fd?s=96&d=mm&r=g","contentUrl":"https:\/\/secure.gravatar.com\/avatar\/1029721d17354c72d3d758f541502829f2d174312e55dbfd91c9e549860667fd?s=96&d=mm&r=g","caption":"cartonsa_web_wp"},"url":"https:\/\/cartonsa.com\/es\/author\/cartonsa_web_wp\/"}]}},"_links":{"self":[{"href":"https:\/\/cartonsa.com\/es\/wp-json\/wp\/v2\/posts\/1334","targetHints":{"allow":["GET"]}}],"collection":[{"href":"https:\/\/cartonsa.com\/es\/wp-json\/wp\/v2\/posts"}],"about":[{"href":"https:\/\/cartonsa.com\/es\/wp-json\/wp\/v2\/types\/post"}],"author":[{"embeddable":true,"href":"https:\/\/cartonsa.com\/es\/wp-json\/wp\/v2\/users\/1"}],"replies":[{"embeddable":true,"href":"https:\/\/cartonsa.com\/es\/wp-json\/wp\/v2\/comments?post=1334"}],"version-history":[{"count":5,"href":"https:\/\/cartonsa.com\/es\/wp-json\/wp\/v2\/posts\/1334\/revisions"}],"predecessor-version":[{"id":1363,"href":"https:\/\/cartonsa.com\/es\/wp-json\/wp\/v2\/posts\/1334\/revisions\/1363"}],"wp:featuredmedia":[{"embeddable":true,"href":"https:\/\/cartonsa.com\/es\/wp-json\/wp\/v2\/media\/1336"}],"wp:attachment":[{"href":"https:\/\/cartonsa.com\/es\/wp-json\/wp\/v2\/media?parent=1334"}],"wp:term":[{"taxonomy":"category","embeddable":true,"href":"https:\/\/cartonsa.com\/es\/wp-json\/wp\/v2\/categories?post=1334"},{"taxonomy":"post_tag","embeddable":true,"href":"https:\/\/cartonsa.com\/es\/wp-json\/wp\/v2\/tags?post=1334"}],"curies":[{"name":"wp","href":"https:\/\/api.w.org\/{rel}","templated":true}]}}